{"id":6598,"date":"2021-12-26T16:26:27","date_gmt":"2021-12-26T15:26:27","guid":{"rendered":"http:\/\/bursaintegracyjna.szczecin.pl\/?p=6598"},"modified":"2021-12-26T16:26:29","modified_gmt":"2021-12-26T15:26:29","slug":"swiateczna-akcja-kartki-dla-seniorow-w-pandemii-jestesmy-razem","status":"publish","type":"post","link":"http:\/\/bursaintegracyjna.szczecin.pl\/index.php\/2021\/12\/26\/swiateczna-akcja-kartki-dla-seniorow-w-pandemii-jestesmy-razem\/","title":{"rendered":",,\u015aWI\u0104TECZNA AKCJA KARTKI DLA SENIOR\u00d3W\u201d- w pandemii jeste\u015bmy razem !"},"content":{"rendered":"\n<p>M\u0142odzie\u017c z Bursy Szkolnej Integracyjnej ju\u017c po raz drugi przygotowa\u0142a dla&nbsp; Senior\u00f3w z DPS Dom Kombatanta niespodziank\u0119 z okazji&nbsp; \u015awi\u0105t Bo\u017cego Narodzenia. Tym razem pracowite bursiaki przygotowa\u0142y ponad 100 kartek z imiennymi \u017cyczeniami dla podopiecznych DPS na ul. Kruczej w Szczecinie. Kartki seniorzy otrzymali przed Wigili\u0105 ,b\u0119dzie wzruszenie i rado\u015b\u0107 .Dzi\u0119kujemy Bursiaki !!! S\u0142odycze, czekaj\u0105 na Wasz powr\u00f3t z ferii \u015bwi\u0105tecznych \ud83d\ude0a<\/p>\n\n\n\n<figure class=\"wp-container-2 wp-block-gallery-1 wp-block-gallery columns-3 is-cropped\"><ul class=\"blocks-gallery-grid\"><li class=\"blocks-gallery-item\"><figure><img width=\"480\" height=\"640\" src=\"http:\/\/bursaintegracyjna.szczecin.pl\/wordpress\/wp-content\/uploads\/2021\/12\/senorzy-2-rotated.jpg\" alt=\"\" data-id=\"6604\" data-full-url=\"http:\/\/bursaintegracyjna.szczecin.pl\/wordpress\/wp-content\/uploads\/2021\/12\/senorzy-2-rotated.jpg\" data-link=\"http:\/\/bursaintegracyjna.szczecin.pl\/?attachment_id=6604\" class=\"wp-image-6604\" srcset=\"http:\/\/bursaintegracyjna.szczecin.pl\/wordpress\/wp-content\/uploads\/2021\/12\/senorzy-2-rotated.jpg 480w, http:\/\/bursaintegracyjna.szczecin.pl\/wordpress\/wp-content\/uploads\/2021\/12\/senorzy-2-225x300.jpg 225w\" sizes=\"(max-width: 480px) 100vw, 480px\" \/><\/figure><\/li><li class=\"blocks-gallery-item\"><figure><img width=\"480\" height=\"640\" src=\"http:\/\/bursaintegracyjna.szczecin.pl\/wordpress\/wp-content\/uploads\/2021\/12\/seniorzy3-rotated.jpg\" alt=\"\" data-id=\"6603\" data-full-url=\"http:\/\/bursaintegracyjna.szczecin.pl\/wordpress\/wp-content\/uploads\/2021\/12\/seniorzy3-rotated.jpg\" data-link=\"http:\/\/bursaintegracyjna.szczecin.pl\/?attachment_id=6603\" class=\"wp-image-6603\" srcset=\"http:\/\/bursaintegracyjna.szczecin.pl\/wordpress\/wp-content\/uploads\/2021\/12\/seniorzy3-rotated.jpg 480w, http:\/\/bursaintegracyjna.szczecin.pl\/wordpress\/wp-content\/uploads\/2021\/12\/seniorzy3-225x300.jpg 225w\" sizes=\"(max-width: 480px) 100vw, 480px\" \/><\/figure><\/li><li class=\"blocks-gallery-item\"><figure><img width=\"480\" height=\"640\" src=\"http:\/\/bursaintegracyjna.szczecin.pl\/wordpress\/wp-content\/uploads\/2021\/12\/seniorzy-5-rotated.jpg\" alt=\"\" data-id=\"6601\" data-full-url=\"http:\/\/bursaintegracyjna.szczecin.pl\/wordpress\/wp-content\/uploads\/2021\/12\/seniorzy-5-rotated.jpg\" data-link=\"http:\/\/bursaintegracyjna.szczecin.pl\/?attachment_id=6601\" class=\"wp-image-6601\" srcset=\"http:\/\/bursaintegracyjna.szczecin.pl\/wordpress\/wp-content\/uploads\/2021\/12\/seniorzy-5-rotated.jpg 480w, http:\/\/bursaintegracyjna.szczecin.pl\/wordpress\/wp-content\/uploads\/2021\/12\/seniorzy-5-225x300.jpg 225w\" sizes=\"(max-width: 480px) 100vw, 480px\" \/><\/figure><\/li><li class=\"blocks-gallery-item\"><figure><img width=\"480\" height=\"640\" src=\"http:\/\/bursaintegracyjna.szczecin.pl\/wordpress\/wp-content\/uploads\/2021\/12\/seniorzy-rotated.jpg\" alt=\"\" data-id=\"6602\" data-full-url=\"http:\/\/bursaintegracyjna.szczecin.pl\/wordpress\/wp-content\/uploads\/2021\/12\/seniorzy-rotated.jpg\" data-link=\"http:\/\/bursaintegracyjna.szczecin.pl\/?attachment_id=6602\" class=\"wp-image-6602\" srcset=\"http:\/\/bursaintegracyjna.szczecin.pl\/wordpress\/wp-content\/uploads\/2021\/12\/seniorzy-rotated.jpg 480w, http:\/\/bursaintegracyjna.szczecin.pl\/wordpress\/wp-content\/uploads\/2021\/12\/seniorzy-225x300.jpg 225w\" sizes=\"(max-width: 480px) 100vw, 480px\" \/><\/figure><\/li><\/ul><\/figure>\n","protected":false},"excerpt":{"rendered":"<p>M\u0142odzie\u017c z Bursy Szkolnej Integracyjnej ju\u017c po raz drugi przygotowa\u0142a dla&nbsp; Senior\u00f3w z DPS Dom Kombatanta niespodziank\u0119 z okazji&nbsp; \u015awi\u0105t Bo\u017cego Narodzenia. Tym razem pracowite bursiaki przygotowa\u0142y ponad 100 kartek &#8230;<\/p>\n","protected":false},"author":9,"featured_media":6600,"comment_status":"closed","ping_status":"closed","sticky":false,"template":"","format":"standard","meta":{"ngg_post_thumbnail":0},"categories":[28],"tags":[],"yoast_head":"<!-- This site is optimized with the Yoast SEO plugin v18.9 - https:\/\/yoast.com\/wordpress\/plugins\/seo\/ -->\n<title>,,\u015aWI\u0104TECZNA AKCJA KARTKI DLA SENIOR\u00d3W\u201d- w pandemii jeste\u015bmy razem ! - Bursa Szkolna Integracyjna<\/title>\n<meta name=\"robots\" content=\"index, follow, max-snippet:-1, max-image-preview:large, max-video-preview:-1\" \/>\n<link rel=\"canonical\" href=\"http:\/\/bursaintegracyjna.szczecin.pl\/index.php\/2021\/12\/26\/swiateczna-akcja-kartki-dla-seniorow-w-pandemii-jestesmy-razem\/\" \/>\n<meta property=\"og:locale\" content=\"pl_PL\" \/>\n<meta property=\"og:type\" content=\"article\" \/>\n<meta property=\"og:title\" content=\",,\u015aWI\u0104TECZNA AKCJA KARTKI DLA SENIOR\u00d3W\u201d- w pandemii jeste\u015bmy razem ! - Bursa Szkolna Integracyjna\" \/>\n<meta property=\"og:description\" content=\"M\u0142odzie\u017c z Bursy Szkolnej Integracyjnej ju\u017c po raz drugi przygotowa\u0142a dla&nbsp; Senior\u00f3w z DPS Dom Kombatanta niespodziank\u0119 z okazji&nbsp; \u015awi\u0105t Bo\u017cego Narodzenia. Tym razem pracowite bursiaki przygotowa\u0142y ponad 100 kartek ...\" \/>\n<meta property=\"og:url\" content=\"http:\/\/bursaintegracyjna.szczecin.pl\/index.php\/2021\/12\/26\/swiateczna-akcja-kartki-dla-seniorow-w-pandemii-jestesmy-razem\/\" \/>\n<meta property=\"og:site_name\" content=\"Bursa Szkolna Integracyjna\" \/>\n<meta property=\"article:published_time\" content=\"2021-12-26T15:26:27+00:00\" \/>\n<meta property=\"article:modified_time\" content=\"2021-12-26T15:26:29+00:00\" \/>\n<meta property=\"og:image\" content=\"http:\/\/bursaintegracyjna.szczecin.pl\/wordpress\/wp-content\/uploads\/2021\/12\/seniorzy4-1-rotated.jpg\" \/>\n\t<meta property=\"og:image:width\" content=\"480\" \/>\n\t<meta property=\"og:image:height\" content=\"640\" \/>\n\t<meta property=\"og:image:type\" content=\"image\/jpeg\" \/>\n<meta name=\"twitter:card\" content=\"summary\" \/>\n<meta name=\"twitter:label1\" content=\"Napisane przez\" \/>\n\t<meta name=\"twitter:data1\" content=\"bursa\" \/>\n\t<meta name=\"twitter:label2\" content=\"Szacowany czas czytania\" \/>\n\t<meta name=\"twitter:data2\" content=\"2 minuty\" \/>\n<script type=\"application\/ld+json\" class=\"yoast-schema-graph\">{\"@context\":\"https:\/\/schema.org\",\"@graph\":[{\"@type\":\"Organization\",\"@id\":\"https:\/\/bursaintegracyjna.szczecin.pl\/#organization\",\"name\":\"Bursa Szkolna Integracyjna\",\"url\":\"https:\/\/bursaintegracyjna.szczecin.pl\/\",\"sameAs\":[],\"logo\":{\"@type\":\"ImageObject\",\"inLanguage\":\"pl-PL\",\"@id\":\"https:\/\/bursaintegracyjna.szczecin.pl\/#\/schema\/logo\/image\/\",\"url\":\"http:\/\/bursaintegracyjna.szczecin.pl\/wordpress\/wp-content\/uploads\/2017\/01\/indeks.png\",\"contentUrl\":\"http:\/\/bursaintegracyjna.szczecin.pl\/wordpress\/wp-content\/uploads\/2017\/01\/indeks.png\",\"width\":645,\"height\":826,\"caption\":\"Bursa Szkolna Integracyjna\"},\"image\":{\"@id\":\"https:\/\/bursaintegracyjna.szczecin.pl\/#\/schema\/logo\/image\/\"}},{\"@type\":\"WebSite\",\"@id\":\"https:\/\/bursaintegracyjna.szczecin.pl\/#website\",\"url\":\"https:\/\/bursaintegracyjna.szczecin.pl\/\",\"name\":\"Bursa Szkolna Integracyjna\",\"description\":\"Bursa Szkolna Integracyjna - \u201eBursa przy Zygmunta\u201d to plac\u00f3wka wyj\u0105tkowa, skupiaj\u0105ca m\u0142odzie\u017c w r\u00f3\u017cnym wieku, z r\u00f3\u017cnych \u015brodowisk z terenu ca\u0142ego wojew\u00f3dztwa, a nawet kraju.\",\"publisher\":{\"@id\":\"https:\/\/bursaintegracyjna.szczecin.pl\/#organization\"},\"potentialAction\":[{\"@type\":\"SearchAction\",\"target\":{\"@type\":\"EntryPoint\",\"urlTemplate\":\"https:\/\/bursaintegracyjna.szczecin.pl\/?s={search_term_string}\"},\"query-input\":\"required name=search_term_string\"}],\"inLanguage\":\"pl-PL\"},{\"@type\":\"ImageObject\",\"inLanguage\":\"pl-PL\",\"@id\":\"http:\/\/bursaintegracyjna.szczecin.pl\/index.php\/2021\/12\/26\/swiateczna-akcja-kartki-dla-seniorow-w-pandemii-jestesmy-razem\/#primaryimage\",\"url\":\"http:\/\/bursaintegracyjna.szczecin.pl\/wordpress\/wp-content\/uploads\/2021\/12\/seniorzy4-1-rotated.jpg\",\"contentUrl\":\"http:\/\/bursaintegracyjna.szczecin.pl\/wordpress\/wp-content\/uploads\/2021\/12\/seniorzy4-1-rotated.jpg\",\"width\":480,\"height\":640},{\"@type\":\"WebPage\",\"@id\":\"http:\/\/bursaintegracyjna.szczecin.pl\/index.php\/2021\/12\/26\/swiateczna-akcja-kartki-dla-seniorow-w-pandemii-jestesmy-razem\/#webpage\",\"url\":\"http:\/\/bursaintegracyjna.szczecin.pl\/index.php\/2021\/12\/26\/swiateczna-akcja-kartki-dla-seniorow-w-pandemii-jestesmy-razem\/\",\"name\":\",,\u015aWI\u0104TECZNA AKCJA KARTKI DLA SENIOR\u00d3W\u201d- w pandemii jeste\u015bmy razem ! - Bursa Szkolna Integracyjna\",\"isPartOf\":{\"@id\":\"https:\/\/bursaintegracyjna.szczecin.pl\/#website\"},\"primaryImageOfPage\":{\"@id\":\"http:\/\/bursaintegracyjna.szczecin.pl\/index.php\/2021\/12\/26\/swiateczna-akcja-kartki-dla-seniorow-w-pandemii-jestesmy-razem\/#primaryimage\"},\"datePublished\":\"2021-12-26T15:26:27+00:00\",\"dateModified\":\"2021-12-26T15:26:29+00:00\",\"breadcrumb\":{\"@id\":\"http:\/\/bursaintegracyjna.szczecin.pl\/index.php\/2021\/12\/26\/swiateczna-akcja-kartki-dla-seniorow-w-pandemii-jestesmy-razem\/#breadcrumb\"},\"inLanguage\":\"pl-PL\",\"potentialAction\":[{\"@type\":\"ReadAction\",\"target\":[\"http:\/\/bursaintegracyjna.szczecin.pl\/index.php\/2021\/12\/26\/swiateczna-akcja-kartki-dla-seniorow-w-pandemii-jestesmy-razem\/\"]}]},{\"@type\":\"BreadcrumbList\",\"@id\":\"http:\/\/bursaintegracyjna.szczecin.pl\/index.php\/2021\/12\/26\/swiateczna-akcja-kartki-dla-seniorow-w-pandemii-jestesmy-razem\/#breadcrumb\",\"itemListElement\":[{\"@type\":\"ListItem\",\"position\":1,\"name\":\"Strona g\u0142\u00f3wna\",\"item\":\"http:\/\/bursaintegracyjna.szczecin.pl\/\"},{\"@type\":\"ListItem\",\"position\":2,\"name\":\",,\u015aWI\u0104TECZNA AKCJA KARTKI DLA SENIOR\u00d3W\u201d- w pandemii jeste\u015bmy razem !\"}]},{\"@type\":\"Article\",\"@id\":\"http:\/\/bursaintegracyjna.szczecin.pl\/index.php\/2021\/12\/26\/swiateczna-akcja-kartki-dla-seniorow-w-pandemii-jestesmy-razem\/#article\",\"isPartOf\":{\"@id\":\"http:\/\/bursaintegracyjna.szczecin.pl\/index.php\/2021\/12\/26\/swiateczna-akcja-kartki-dla-seniorow-w-pandemii-jestesmy-razem\/#webpage\"},\"author\":{\"@id\":\"https:\/\/bursaintegracyjna.szczecin.pl\/#\/schema\/person\/f02babcf9269b375f81ce689d0837b01\"},\"headline\":\",,\u015aWI\u0104TECZNA AKCJA KARTKI DLA SENIOR\u00d3W\u201d- w pandemii jeste\u015bmy razem !\",\"datePublished\":\"2021-12-26T15:26:27+00:00\",\"dateModified\":\"2021-12-26T15:26:29+00:00\",\"mainEntityOfPage\":{\"@id\":\"http:\/\/bursaintegracyjna.szczecin.pl\/index.php\/2021\/12\/26\/swiateczna-akcja-kartki-dla-seniorow-w-pandemii-jestesmy-razem\/#webpage\"},\"wordCount\":85,\"publisher\":{\"@id\":\"https:\/\/bursaintegracyjna.szczecin.pl\/#organization\"},\"image\":{\"@id\":\"http:\/\/bursaintegracyjna.szczecin.pl\/index.php\/2021\/12\/26\/swiateczna-akcja-kartki-dla-seniorow-w-pandemii-jestesmy-razem\/#primaryimage\"},\"thumbnailUrl\":\"http:\/\/bursaintegracyjna.szczecin.pl\/wordpress\/wp-content\/uploads\/2021\/12\/seniorzy4-1-rotated.jpg\",\"articleSection\":[\"Aktualno\u015bci\"],\"inLanguage\":\"pl-PL\"},{\"@type\":\"Person\",\"@id\":\"https:\/\/bursaintegracyjna.szczecin.pl\/#\/schema\/person\/f02babcf9269b375f81ce689d0837b01\",\"name\":\"bursa\",\"image\":{\"@type\":\"ImageObject\",\"inLanguage\":\"pl-PL\",\"@id\":\"https:\/\/bursaintegracyjna.szczecin.pl\/#\/schema\/person\/image\/\",\"url\":\"http:\/\/1.gravatar.com\/avatar\/4a060c574cea2cd0da95701379773be9?s=96&d=mm&r=g\",\"contentUrl\":\"http:\/\/1.gravatar.com\/avatar\/4a060c574cea2cd0da95701379773be9?s=96&d=mm&r=g\",\"caption\":\"bursa\"}}]}<\/script>\n<!-- \/ Yoast SEO plugin. -->","yoast_head_json":{"title":",,\u015aWI\u0104TECZNA AKCJA KARTKI DLA SENIOR\u00d3W\u201d- w pandemii jeste\u015bmy razem ! - Bursa Szkolna Integracyjna","robots":{"index":"index","follow":"follow","max-snippet":"max-snippet:-1","max-image-preview":"max-image-preview:large","max-video-preview":"max-video-preview:-1"},"canonical":"http:\/\/bursaintegracyjna.szczecin.pl\/index.php\/2021\/12\/26\/swiateczna-akcja-kartki-dla-seniorow-w-pandemii-jestesmy-razem\/","og_locale":"pl_PL","og_type":"article","og_title":",,\u015aWI\u0104TECZNA AKCJA KARTKI DLA SENIOR\u00d3W\u201d- w pandemii jeste\u015bmy razem ! - Bursa Szkolna Integracyjna","og_description":"M\u0142odzie\u017c z Bursy Szkolnej Integracyjnej ju\u017c po raz drugi przygotowa\u0142a dla&nbsp; Senior\u00f3w z DPS Dom Kombatanta niespodziank\u0119 z okazji&nbsp; \u015awi\u0105t Bo\u017cego Narodzenia. Tym razem pracowite bursiaki przygotowa\u0142y ponad 100 kartek ...","og_url":"http:\/\/bursaintegracyjna.szczecin.pl\/index.php\/2021\/12\/26\/swiateczna-akcja-kartki-dla-seniorow-w-pandemii-jestesmy-razem\/","og_site_name":"Bursa Szkolna Integracyjna","article_published_time":"2021-12-26T15:26:27+00:00","article_modified_time":"2021-12-26T15:26:29+00:00","og_image":[{"width":480,"height":640,"url":"http:\/\/bursaintegracyjna.szczecin.pl\/wordpress\/wp-content\/uploads\/2021\/12\/seniorzy4-1-rotated.jpg","type":"image\/jpeg"}],"twitter_card":"summary","twitter_misc":{"Napisane przez":"bursa","Szacowany czas czytania":"2 minuty"},"schema":{"@context":"https:\/\/schema.org","@graph":[{"@type":"Organization","@id":"https:\/\/bursaintegracyjna.szczecin.pl\/#organization","name":"Bursa Szkolna Integracyjna","url":"https:\/\/bursaintegracyjna.szczecin.pl\/","sameAs":[],"logo":{"@type":"ImageObject","inLanguage":"pl-PL","@id":"https:\/\/bursaintegracyjna.szczecin.pl\/#\/schema\/logo\/image\/","url":"http:\/\/bursaintegracyjna.szczecin.pl\/wordpress\/wp-content\/uploads\/2017\/01\/indeks.png","contentUrl":"http:\/\/bursaintegracyjna.szczecin.pl\/wordpress\/wp-content\/uploads\/2017\/01\/indeks.png","width":645,"height":826,"caption":"Bursa Szkolna Integracyjna"},"image":{"@id":"https:\/\/bursaintegracyjna.szczecin.pl\/#\/schema\/logo\/image\/"}},{"@type":"WebSite","@id":"https:\/\/bursaintegracyjna.szczecin.pl\/#website","url":"https:\/\/bursaintegracyjna.szczecin.pl\/","name":"Bursa Szkolna Integracyjna","description":"Bursa Szkolna Integracyjna - \u201eBursa przy Zygmunta\u201d to plac\u00f3wka wyj\u0105tkowa, skupiaj\u0105ca m\u0142odzie\u017c w r\u00f3\u017cnym wieku, z r\u00f3\u017cnych \u015brodowisk z terenu ca\u0142ego wojew\u00f3dztwa, a nawet kraju.","publisher":{"@id":"https:\/\/bursaintegracyjna.szczecin.pl\/#organization"},"potentialAction":[{"@type":"SearchAction","target":{"@type":"EntryPoint","urlTemplate":"https:\/\/bursaintegracyjna.szczecin.pl\/?s={search_term_string}"},"query-input":"required name=search_term_string"}],"inLanguage":"pl-PL"},{"@type":"ImageObject","inLanguage":"pl-PL","@id":"http:\/\/bursaintegracyjna.szczecin.pl\/index.php\/2021\/12\/26\/swiateczna-akcja-kartki-dla-seniorow-w-pandemii-jestesmy-razem\/#primaryimage","url":"http:\/\/bursaintegracyjna.szczecin.pl\/wordpress\/wp-content\/uploads\/2021\/12\/seniorzy4-1-rotated.jpg","contentUrl":"http:\/\/bursaintegracyjna.szczecin.pl\/wordpress\/wp-content\/uploads\/2021\/12\/seniorzy4-1-rotated.jpg","width":480,"height":640},{"@type":"WebPage","@id":"http:\/\/bursaintegracyjna.szczecin.pl\/index.php\/2021\/12\/26\/swiateczna-akcja-kartki-dla-seniorow-w-pandemii-jestesmy-razem\/#webpage","url":"http:\/\/bursaintegracyjna.szczecin.pl\/index.php\/2021\/12\/26\/swiateczna-akcja-kartki-dla-seniorow-w-pandemii-jestesmy-razem\/","name":",,\u015aWI\u0104TECZNA AKCJA KARTKI DLA SENIOR\u00d3W\u201d- w pandemii jeste\u015bmy razem ! - Bursa Szkolna Integracyjna","isPartOf":{"@id":"https:\/\/bursaintegracyjna.szczecin.pl\/#website"},"primaryImageOfPage":{"@id":"http:\/\/bursaintegracyjna.szczecin.pl\/index.php\/2021\/12\/26\/swiateczna-akcja-kartki-dla-seniorow-w-pandemii-jestesmy-razem\/#primaryimage"},"datePublished":"2021-12-26T15:26:27+00:00","dateModified":"2021-12-26T15:26:29+00:00","breadcrumb":{"@id":"http:\/\/bursaintegracyjna.szczecin.pl\/index.php\/2021\/12\/26\/swiateczna-akcja-kartki-dla-seniorow-w-pandemii-jestesmy-razem\/#breadcrumb"},"inLanguage":"pl-PL","potentialAction":[{"@type":"ReadAction","target":["http:\/\/bursaintegracyjna.szczecin.pl\/index.php\/2021\/12\/26\/swiateczna-akcja-kartki-dla-seniorow-w-pandemii-jestesmy-razem\/"]}]},{"@type":"BreadcrumbList","@id":"http:\/\/bursaintegracyjna.szczecin.pl\/index.php\/2021\/12\/26\/swiateczna-akcja-kartki-dla-seniorow-w-pandemii-jestesmy-razem\/#breadcrumb","itemListElement":[{"@type":"ListItem","position":1,"name":"Strona g\u0142\u00f3wna","item":"http:\/\/bursaintegracyjna.szczecin.pl\/"},{"@type":"ListItem","position":2,"name":",,\u015aWI\u0104TECZNA AKCJA KARTKI DLA SENIOR\u00d3W\u201d- w pandemii jeste\u015bmy razem !"}]},{"@type":"Article","@id":"http:\/\/bursaintegracyjna.szczecin.pl\/index.php\/2021\/12\/26\/swiateczna-akcja-kartki-dla-seniorow-w-pandemii-jestesmy-razem\/#article","isPartOf":{"@id":"http:\/\/bursaintegracyjna.szczecin.pl\/index.php\/2021\/12\/26\/swiateczna-akcja-kartki-dla-seniorow-w-pandemii-jestesmy-razem\/#webpage"},"author":{"@id":"https:\/\/bursaintegracyjna.szczecin.pl\/#\/schema\/person\/f02babcf9269b375f81ce689d0837b01"},"headline":",,\u015aWI\u0104TECZNA AKCJA KARTKI DLA SENIOR\u00d3W\u201d- w pandemii jeste\u015bmy razem !","datePublished":"2021-12-26T15:26:27+00:00","dateModified":"2021-12-26T15:26:29+00:00","mainEntityOfPage":{"@id":"http:\/\/bursaintegracyjna.szczecin.pl\/index.php\/2021\/12\/26\/swiateczna-akcja-kartki-dla-seniorow-w-pandemii-jestesmy-razem\/#webpage"},"wordCount":85,"publisher":{"@id":"https:\/\/bursaintegracyjna.szczecin.pl\/#organization"},"image":{"@id":"http:\/\/bursaintegracyjna.szczecin.pl\/index.php\/2021\/12\/26\/swiateczna-akcja-kartki-dla-seniorow-w-pandemii-jestesmy-razem\/#primaryimage"},"thumbnailUrl":"http:\/\/bursaintegracyjna.szczecin.pl\/wordpress\/wp-content\/uploads\/2021\/12\/seniorzy4-1-rotated.jpg","articleSection":["Aktualno\u015bci"],"inLanguage":"pl-PL"},{"@type":"Person","@id":"https:\/\/bursaintegracyjna.szczecin.pl\/#\/schema\/person\/f02babcf9269b375f81ce689d0837b01","name":"bursa","image":{"@type":"ImageObject","inLanguage":"pl-PL","@id":"https:\/\/bursaintegracyjna.szczecin.pl\/#\/schema\/person\/image\/","url":"http:\/\/1.gravatar.com\/avatar\/4a060c574cea2cd0da95701379773be9?s=96&d=mm&r=g","contentUrl":"http:\/\/1.gravatar.com\/avatar\/4a060c574cea2cd0da95701379773be9?s=96&d=mm&r=g","caption":"bursa"}}]}},"_links":{"self":[{"href":"http:\/\/bursaintegracyjna.szczecin.pl\/index.php\/wp-json\/wp\/v2\/posts\/6598"}],"collection":[{"href":"http:\/\/bursaintegracyjna.szczecin.pl\/index.php\/wp-json\/wp\/v2\/posts"}],"about":[{"href":"http:\/\/bursaintegracyjna.szczecin.pl\/index.php\/wp-json\/wp\/v2\/types\/post"}],"author":[{"embeddable":true,"href":"http:\/\/bursaintegracyjna.szczecin.pl\/index.php\/wp-json\/wp\/v2\/users\/9"}],"replies":[{"embeddable":true,"href":"http:\/\/bursaintegracyjna.szczecin.pl\/index.php\/wp-json\/wp\/v2\/comments?post=6598"}],"version-history":[{"count":1,"href":"http:\/\/bursaintegracyjna.szczecin.pl\/index.php\/wp-json\/wp\/v2\/posts\/6598\/revisions"}],"predecessor-version":[{"id":6605,"href":"http:\/\/bursaintegracyjna.szczecin.pl\/index.php\/wp-json\/wp\/v2\/posts\/6598\/revisions\/6605"}],"wp:featuredmedia":[{"embeddable":true,"href":"http:\/\/bursaintegracyjna.szczecin.pl\/index.php\/wp-json\/wp\/v2\/media\/6600"}],"wp:attachment":[{"href":"http:\/\/bursaintegracyjna.szczecin.pl\/index.php\/wp-json\/wp\/v2\/media?parent=6598"}],"wp:term":[{"taxonomy":"category","embeddable":true,"href":"http:\/\/bursaintegracyjna.szczecin.pl\/index.php\/wp-json\/wp\/v2\/categories?post=6598"},{"taxonomy":"post_tag","embeddable":true,"href":"http:\/\/bursaintegracyjna.szczecin.pl\/index.php\/wp-json\/wp\/v2\/tags?post=6598"}],"curies":[{"name":"wp","href":"https:\/\/api.w.org\/{rel}","templated":true}]}}