{"id":359,"date":"2011-03-29T08:49:45","date_gmt":"2011-03-29T06:49:45","guid":{"rendered":"http:\/\/bursaintegracyjna.szczecin.pl\/wordpress\/index.php\/2011\/03\/29\/historia-2\/"},"modified":"2026-02-16T14:07:31","modified_gmt":"2026-02-16T13:07:31","slug":"dokumenty","status":"publish","type":"post","link":"https:\/\/bursaintegracyjna.szczecin.pl\/index.php\/2011\/03\/29\/dokumenty\/","title":{"rendered":"Dokumenty"},"content":{"rendered":"<h2>Dokumenty bursy:<\/h2>\n<p><a href=\"http:\/\/bursaintegracyjna.szczecin.pl\/wordpress\/wp-content\/uploads\/2025\/09\/Regulamin-BSI.pdf\"><span style=\"color: #3366ff;\">Regulamin bursy<\/span><\/a><\/p>\n<p><a href=\"http:\/\/bursaintegracyjna.szczecin.pl\/wordpress\/wp-content\/uploads\/2025\/09\/Statut-BSI.pdf\"><span style=\"color: #3366ff;\">Statut bursy<\/span><\/a><\/p>\n<p><a href=\"http:\/\/bursaintegracyjna.szczecin.pl\/wordpress\/wp-content\/uploads\/2025\/09\/Program-wychowawczo-profilaktyczny-na-2025-2026.pdf\"><span style=\"color: #3366ff;\">Program Wychowawczo-Profilaktyczny rok szkolny 2025-2026<\/span><\/a><\/p>\n<p><span style=\"color: #3366ff;\"><a style=\"color: #3366ff;\" href=\"http:\/\/bursaintegracyjna.szczecin.pl\/wordpress\/wp-content\/uploads\/2023\/11\/Program-Rozwoju-Bursy-Szkolnej-Integracyjnej-w-Szczecinie-na-lata-2019-2024.pdf\">Program Rozwoju Bursy Szkolnej Integracyjnej w Szczecinie na lata 2019-2024<\/a><\/span><\/p>\n<p><span style=\"color: #3366ff;\"><a style=\"color: #3366ff;\" href=\"http:\/\/bursaintegracyjna.szczecin.pl\/wordpress\/wp-content\/uploads\/2023\/11\/Regulamin-Mlodziezowej-Rady-Bursy-na-rok-szkolny-2023-2024.pdf\">Regulamin M\u0142odzie\u017cowej Rady Bursy na rok szkolny 2023-2024<\/a><\/span><\/p>\n<p><span style=\"color: #3366ff;\"><a style=\"color: #3366ff;\" href=\"http:\/\/bursaintegracyjna.szczecin.pl\/wordpress\/wp-content\/uploads\/2023\/11\/Zarzad-MRB.pdf\">Zarz\u0105d M\u0142odzie\u017cowej Rady Bursy<\/a><\/span><\/p>\n<p><a href=\"http:\/\/bursaintegracyjna.szczecin.pl\/wordpress\/wp-content\/uploads\/2011\/03\/zgoda.doc\" target=\"_blank\" rel=\"noopener noreferrer\"><span style=\"color: #3366ff;\">Zwolnienie wychowanka<\/span><\/a><\/p>\n<p><a href=\"http:\/\/bursaintegracyjna.szczecin.pl\/wordpress\/wp-content\/uploads\/2024\/06\/Standardy-ochrony-maloletnich-wersja-skrocona.pdf\"><span style=\"color: #3366ff;\">Standardy ochrony ma\u0142oletnich, wersja skr\u00f3cona<\/span><\/a><\/p>\n<p><a href=\"http:\/\/bursaintegracyjna.szczecin.pl\/wordpress\/wp-content\/uploads\/2024\/06\/Standardy-ochrony-maloletnich-wersja-pelna.pdf\"><span style=\"color: #3366ff;\">Standardy ochrony ma\u0142oletnich, wersja pe\u0142na<\/span><\/a><\/p>\n<p>&nbsp;<\/p>\n<h2>Dokumenty dla os\u00f3b ubiegaj\u0105cych si\u0119 o przyj\u0119cie do bursy:&nbsp;<\/h2>\n<h4><a href=\"http:\/\/bursaintegracyjna.szczecin.pl\/wordpress\/wp-content\/uploads\/2011\/03\/wniosek.pdf\" target=\"_blank\" rel=\"noopener noreferrer\"><span style=\"color: #993366;\">Wniosek <\/span><span style=\"color: #ff0000;\">(obowi\u0105zuje wy\u0142\u0105cznie w przypadku starania si\u0119 o miejsce w bursie w trakcie roku szkolnego poza naborem elektronicznym)<\/span><\/a><\/h4>\n<h2>Dokumenty wewn\u0119trzne plac\u00f3wki<\/h2>\n<p>nale\u017cy wydrukowa\u0107, wype\u0142ni\u0107 i z\u0142o\u017cy\u0107 po otrzymaniu miejsca w plac\u00f3wce<\/p>\n<p><a href=\"http:\/\/bursaintegracyjna.szczecin.pl\/wordpress\/wp-content\/uploads\/2026\/02\/KARTA-BURSIAKA.doc\"><span style=\"color: #800080;\"><strong>karta bursiaka<\/strong><\/span><\/a><\/p>\n<p><a href=\"http:\/\/bursaintegracyjna.szczecin.pl\/wordpress\/wp-content\/uploads\/2025\/06\/Przetwarzanie-wizerunku.pdf\"><span style=\"color: #800080;\"><strong>zgoda na przetwarzanie wizerunku<\/strong><\/span><\/a><\/p>\n<p><a href=\"http:\/\/bursaintegracyjna.szczecin.pl\/wordpress\/wp-content\/uploads\/2026\/02\/Zobowiazanie.doc\"><span style=\"color: #800080;\"><strong>zobowi\u0105zani<\/strong><strong>e<\/strong><\/span><\/a><\/p>\n","protected":false},"excerpt":{"rendered":"<p>Dokumenty bursy: Regulamin bursy Statut bursy Program Wychowawczo-Profilaktyczny rok szkolny 2025-2026 Program Rozwoju Bursy Szkolnej Integracyjnej w Szczecinie na lata 2019-2024 Regulamin M\u0142odzie\u017cowej Rady Bursy na rok szkolny 2023-2024 Zarz\u0105d &#8230;<\/p>\n","protected":false},"author":1,"featured_media":0,"comment_status":"closed","ping_status":"closed","sticky":false,"template":"","format":"standard","meta":{"ngg_post_thumbnail":0},"categories":[30],"tags":[],"yoast_head":"<!-- This site is optimized with the Yoast SEO plugin v18.9 - https:\/\/yoast.com\/wordpress\/plugins\/seo\/ -->\n<title>Dokumenty - Bursa Szkolna Integracyjna<\/title>\n<meta name=\"robots\" content=\"index, follow, max-snippet:-1, max-image-preview:large, max-video-preview:-1\" \/>\n<link rel=\"canonical\" href=\"https:\/\/bursaintegracyjna.szczecin.pl\/index.php\/2011\/03\/29\/dokumenty\/\" \/>\n<meta property=\"og:locale\" content=\"pl_PL\" \/>\n<meta property=\"og:type\" content=\"article\" \/>\n<meta property=\"og:title\" content=\"Dokumenty - Bursa Szkolna Integracyjna\" \/>\n<meta property=\"og:description\" content=\"Dokumenty bursy: Regulamin bursy Statut bursy Program Wychowawczo-Profilaktyczny rok szkolny 2025-2026 Program Rozwoju Bursy Szkolnej Integracyjnej w Szczecinie na lata 2019-2024 Regulamin M\u0142odzie\u017cowej Rady Bursy na rok szkolny 2023-2024 Zarz\u0105d ...\" \/>\n<meta property=\"og:url\" content=\"https:\/\/bursaintegracyjna.szczecin.pl\/index.php\/2011\/03\/29\/dokumenty\/\" \/>\n<meta property=\"og:site_name\" content=\"Bursa Szkolna Integracyjna\" \/>\n<meta property=\"article:published_time\" content=\"2011-03-29T06:49:45+00:00\" \/>\n<meta property=\"article:modified_time\" content=\"2026-02-16T13:07:31+00:00\" \/>\n<meta name=\"twitter:card\" content=\"summary\" \/>\n<meta name=\"twitter:label1\" content=\"Napisane przez\" \/>\n\t<meta name=\"twitter:data1\" content=\"admin\" \/>\n\t<meta name=\"twitter:label2\" content=\"Szacowany czas czytania\" \/>\n\t<meta name=\"twitter:data2\" content=\"1 minuta\" \/>\n<script type=\"application\/ld+json\" class=\"yoast-schema-graph\">{\"@context\":\"https:\/\/schema.org\",\"@graph\":[{\"@type\":\"Organization\",\"@id\":\"https:\/\/bursaintegracyjna.szczecin.pl\/#organization\",\"name\":\"Bursa Szkolna Integracyjna\",\"url\":\"https:\/\/bursaintegracyjna.szczecin.pl\/\",\"sameAs\":[],\"logo\":{\"@type\":\"ImageObject\",\"inLanguage\":\"pl-PL\",\"@id\":\"https:\/\/bursaintegracyjna.szczecin.pl\/#\/schema\/logo\/image\/\",\"url\":\"http:\/\/bursaintegracyjna.szczecin.pl\/wordpress\/wp-content\/uploads\/2017\/01\/indeks.png\",\"contentUrl\":\"http:\/\/bursaintegracyjna.szczecin.pl\/wordpress\/wp-content\/uploads\/2017\/01\/indeks.png\",\"width\":645,\"height\":826,\"caption\":\"Bursa Szkolna Integracyjna\"},\"image\":{\"@id\":\"https:\/\/bursaintegracyjna.szczecin.pl\/#\/schema\/logo\/image\/\"}},{\"@type\":\"WebSite\",\"@id\":\"https:\/\/bursaintegracyjna.szczecin.pl\/#website\",\"url\":\"https:\/\/bursaintegracyjna.szczecin.pl\/\",\"name\":\"Bursa Szkolna Integracyjna\",\"description\":\"Bursa Szkolna Integracyjna - \u201eBursa przy Zygmunta\u201d to plac\u00f3wka wyj\u0105tkowa, skupiaj\u0105ca m\u0142odzie\u017c w r\u00f3\u017cnym wieku, z r\u00f3\u017cnych \u015brodowisk z terenu ca\u0142ego wojew\u00f3dztwa, a nawet kraju.\",\"publisher\":{\"@id\":\"https:\/\/bursaintegracyjna.szczecin.pl\/#organization\"},\"potentialAction\":[{\"@type\":\"SearchAction\",\"target\":{\"@type\":\"EntryPoint\",\"urlTemplate\":\"https:\/\/bursaintegracyjna.szczecin.pl\/?s={search_term_string}\"},\"query-input\":\"required name=search_term_string\"}],\"inLanguage\":\"pl-PL\"},{\"@type\":\"WebPage\",\"@id\":\"https:\/\/bursaintegracyjna.szczecin.pl\/index.php\/2011\/03\/29\/dokumenty\/#webpage\",\"url\":\"https:\/\/bursaintegracyjna.szczecin.pl\/index.php\/2011\/03\/29\/dokumenty\/\",\"name\":\"Dokumenty - Bursa Szkolna Integracyjna\",\"isPartOf\":{\"@id\":\"https:\/\/bursaintegracyjna.szczecin.pl\/#website\"},\"datePublished\":\"2011-03-29T06:49:45+00:00\",\"dateModified\":\"2026-02-16T13:07:31+00:00\",\"breadcrumb\":{\"@id\":\"https:\/\/bursaintegracyjna.szczecin.pl\/index.php\/2011\/03\/29\/dokumenty\/#breadcrumb\"},\"inLanguage\":\"pl-PL\",\"potentialAction\":[{\"@type\":\"ReadAction\",\"target\":[\"https:\/\/bursaintegracyjna.szczecin.pl\/index.php\/2011\/03\/29\/dokumenty\/\"]}]},{\"@type\":\"BreadcrumbList\",\"@id\":\"https:\/\/bursaintegracyjna.szczecin.pl\/index.php\/2011\/03\/29\/dokumenty\/#breadcrumb\",\"itemListElement\":[{\"@type\":\"ListItem\",\"position\":1,\"name\":\"Strona g\u0142\u00f3wna\",\"item\":\"https:\/\/bursaintegracyjna.szczecin.pl\/\"},{\"@type\":\"ListItem\",\"position\":2,\"name\":\"Dokumenty\"}]},{\"@type\":\"Article\",\"@id\":\"https:\/\/bursaintegracyjna.szczecin.pl\/index.php\/2011\/03\/29\/dokumenty\/#article\",\"isPartOf\":{\"@id\":\"https:\/\/bursaintegracyjna.szczecin.pl\/index.php\/2011\/03\/29\/dokumenty\/#webpage\"},\"author\":{\"@id\":\"https:\/\/bursaintegracyjna.szczecin.pl\/#\/schema\/person\/404209fd014f04b7b87567a125d69515\"},\"headline\":\"Dokumenty\",\"datePublished\":\"2011-03-29T06:49:45+00:00\",\"dateModified\":\"2026-02-16T13:07:31+00:00\",\"mainEntityOfPage\":{\"@id\":\"https:\/\/bursaintegracyjna.szczecin.pl\/index.php\/2011\/03\/29\/dokumenty\/#webpage\"},\"wordCount\":117,\"publisher\":{\"@id\":\"https:\/\/bursaintegracyjna.szczecin.pl\/#organization\"},\"articleSection\":[\"Tekst\"],\"inLanguage\":\"pl-PL\"},{\"@type\":\"Person\",\"@id\":\"https:\/\/bursaintegracyjna.szczecin.pl\/#\/schema\/person\/404209fd014f04b7b87567a125d69515\",\"name\":\"admin\",\"image\":{\"@type\":\"ImageObject\",\"inLanguage\":\"pl-PL\",\"@id\":\"https:\/\/bursaintegracyjna.szczecin.pl\/#\/schema\/person\/image\/\",\"url\":\"https:\/\/secure.gravatar.com\/avatar\/0b4955a944d42b9fe639f8f3437f80bd?s=96&d=mm&r=g\",\"contentUrl\":\"https:\/\/secure.gravatar.com\/avatar\/0b4955a944d42b9fe639f8f3437f80bd?s=96&d=mm&r=g\",\"caption\":\"admin\"}}]}<\/script>\n<!-- \/ Yoast SEO plugin. -->","yoast_head_json":{"title":"Dokumenty - Bursa Szkolna Integracyjna","robots":{"index":"index","follow":"follow","max-snippet":"max-snippet:-1","max-image-preview":"max-image-preview:large","max-video-preview":"max-video-preview:-1"},"canonical":"https:\/\/bursaintegracyjna.szczecin.pl\/index.php\/2011\/03\/29\/dokumenty\/","og_locale":"pl_PL","og_type":"article","og_title":"Dokumenty - Bursa Szkolna Integracyjna","og_description":"Dokumenty bursy: Regulamin bursy Statut bursy Program Wychowawczo-Profilaktyczny rok szkolny 2025-2026 Program Rozwoju Bursy Szkolnej Integracyjnej w Szczecinie na lata 2019-2024 Regulamin M\u0142odzie\u017cowej Rady Bursy na rok szkolny 2023-2024 Zarz\u0105d ...","og_url":"https:\/\/bursaintegracyjna.szczecin.pl\/index.php\/2011\/03\/29\/dokumenty\/","og_site_name":"Bursa Szkolna Integracyjna","article_published_time":"2011-03-29T06:49:45+00:00","article_modified_time":"2026-02-16T13:07:31+00:00","twitter_card":"summary","twitter_misc":{"Napisane przez":"admin","Szacowany czas czytania":"1 minuta"},"schema":{"@context":"https:\/\/schema.org","@graph":[{"@type":"Organization","@id":"https:\/\/bursaintegracyjna.szczecin.pl\/#organization","name":"Bursa Szkolna Integracyjna","url":"https:\/\/bursaintegracyjna.szczecin.pl\/","sameAs":[],"logo":{"@type":"ImageObject","inLanguage":"pl-PL","@id":"https:\/\/bursaintegracyjna.szczecin.pl\/#\/schema\/logo\/image\/","url":"http:\/\/bursaintegracyjna.szczecin.pl\/wordpress\/wp-content\/uploads\/2017\/01\/indeks.png","contentUrl":"http:\/\/bursaintegracyjna.szczecin.pl\/wordpress\/wp-content\/uploads\/2017\/01\/indeks.png","width":645,"height":826,"caption":"Bursa Szkolna Integracyjna"},"image":{"@id":"https:\/\/bursaintegracyjna.szczecin.pl\/#\/schema\/logo\/image\/"}},{"@type":"WebSite","@id":"https:\/\/bursaintegracyjna.szczecin.pl\/#website","url":"https:\/\/bursaintegracyjna.szczecin.pl\/","name":"Bursa Szkolna Integracyjna","description":"Bursa Szkolna Integracyjna - \u201eBursa przy Zygmunta\u201d to plac\u00f3wka wyj\u0105tkowa, skupiaj\u0105ca m\u0142odzie\u017c w r\u00f3\u017cnym wieku, z r\u00f3\u017cnych \u015brodowisk z terenu ca\u0142ego wojew\u00f3dztwa, a nawet kraju.","publisher":{"@id":"https:\/\/bursaintegracyjna.szczecin.pl\/#organization"},"potentialAction":[{"@type":"SearchAction","target":{"@type":"EntryPoint","urlTemplate":"https:\/\/bursaintegracyjna.szczecin.pl\/?s={search_term_string}"},"query-input":"required name=search_term_string"}],"inLanguage":"pl-PL"},{"@type":"WebPage","@id":"https:\/\/bursaintegracyjna.szczecin.pl\/index.php\/2011\/03\/29\/dokumenty\/#webpage","url":"https:\/\/bursaintegracyjna.szczecin.pl\/index.php\/2011\/03\/29\/dokumenty\/","name":"Dokumenty - Bursa Szkolna Integracyjna","isPartOf":{"@id":"https:\/\/bursaintegracyjna.szczecin.pl\/#website"},"datePublished":"2011-03-29T06:49:45+00:00","dateModified":"2026-02-16T13:07:31+00:00","breadcrumb":{"@id":"https:\/\/bursaintegracyjna.szczecin.pl\/index.php\/2011\/03\/29\/dokumenty\/#breadcrumb"},"inLanguage":"pl-PL","potentialAction":[{"@type":"ReadAction","target":["https:\/\/bursaintegracyjna.szczecin.pl\/index.php\/2011\/03\/29\/dokumenty\/"]}]},{"@type":"BreadcrumbList","@id":"https:\/\/bursaintegracyjna.szczecin.pl\/index.php\/2011\/03\/29\/dokumenty\/#breadcrumb","itemListElement":[{"@type":"ListItem","position":1,"name":"Strona g\u0142\u00f3wna","item":"https:\/\/bursaintegracyjna.szczecin.pl\/"},{"@type":"ListItem","position":2,"name":"Dokumenty"}]},{"@type":"Article","@id":"https:\/\/bursaintegracyjna.szczecin.pl\/index.php\/2011\/03\/29\/dokumenty\/#article","isPartOf":{"@id":"https:\/\/bursaintegracyjna.szczecin.pl\/index.php\/2011\/03\/29\/dokumenty\/#webpage"},"author":{"@id":"https:\/\/bursaintegracyjna.szczecin.pl\/#\/schema\/person\/404209fd014f04b7b87567a125d69515"},"headline":"Dokumenty","datePublished":"2011-03-29T06:49:45+00:00","dateModified":"2026-02-16T13:07:31+00:00","mainEntityOfPage":{"@id":"https:\/\/bursaintegracyjna.szczecin.pl\/index.php\/2011\/03\/29\/dokumenty\/#webpage"},"wordCount":117,"publisher":{"@id":"https:\/\/bursaintegracyjna.szczecin.pl\/#organization"},"articleSection":["Tekst"],"inLanguage":"pl-PL"},{"@type":"Person","@id":"https:\/\/bursaintegracyjna.szczecin.pl\/#\/schema\/person\/404209fd014f04b7b87567a125d69515","name":"admin","image":{"@type":"ImageObject","inLanguage":"pl-PL","@id":"https:\/\/bursaintegracyjna.szczecin.pl\/#\/schema\/person\/image\/","url":"https:\/\/secure.gravatar.com\/avatar\/0b4955a944d42b9fe639f8f3437f80bd?s=96&d=mm&r=g","contentUrl":"https:\/\/secure.gravatar.com\/avatar\/0b4955a944d42b9fe639f8f3437f80bd?s=96&d=mm&r=g","caption":"admin"}}]}},"_links":{"self":[{"href":"https:\/\/bursaintegracyjna.szczecin.pl\/index.php\/wp-json\/wp\/v2\/posts\/359"}],"collection":[{"href":"https:\/\/bursaintegracyjna.szczecin.pl\/index.php\/wp-json\/wp\/v2\/posts"}],"about":[{"href":"https:\/\/bursaintegracyjna.szczecin.pl\/index.php\/wp-json\/wp\/v2\/types\/post"}],"author":[{"embeddable":true,"href":"https:\/\/bursaintegracyjna.szczecin.pl\/index.php\/wp-json\/wp\/v2\/users\/1"}],"replies":[{"embeddable":true,"href":"https:\/\/bursaintegracyjna.szczecin.pl\/index.php\/wp-json\/wp\/v2\/comments?post=359"}],"version-history":[{"count":72,"href":"https:\/\/bursaintegracyjna.szczecin.pl\/index.php\/wp-json\/wp\/v2\/posts\/359\/revisions"}],"predecessor-version":[{"id":7606,"href":"https:\/\/bursaintegracyjna.szczecin.pl\/index.php\/wp-json\/wp\/v2\/posts\/359\/revisions\/7606"}],"wp:attachment":[{"href":"https:\/\/bursaintegracyjna.szczecin.pl\/index.php\/wp-json\/wp\/v2\/media?parent=359"}],"wp:term":[{"taxonomy":"category","embeddable":true,"href":"https:\/\/bursaintegracyjna.szczecin.pl\/index.php\/wp-json\/wp\/v2\/categories?post=359"},{"taxonomy":"post_tag","embeddable":true,"href":"https:\/\/bursaintegracyjna.szczecin.pl\/index.php\/wp-json\/wp\/v2\/tags?post=359"}],"curies":[{"name":"wp","href":"https:\/\/api.w.org\/{rel}","templated":true}]}}